{"id":6665,"date":"2024-10-21T13:51:39","date_gmt":"2024-10-21T11:51:39","guid":{"rendered":"https:\/\/fie.no\/?p=6665"},"modified":"2025-12-02T09:14:22","modified_gmt":"2025-12-02T08:14:22","slug":"thank-you-so-much-for-this-year","status":"publish","type":"post","link":"https:\/\/fie.no\/en\/thank-you-so-much-for-this-year\/","title":{"rendered":"Thank you so much for this year!"},"content":{"rendered":"\n<p><\/p>\n\n<p><\/p>\n\n<p><\/p>\n\n<p><\/p>\n\n<p>Feiringen av Festspillenes 50-\u00e5rsjubileum er offisielt over.<br \/>Det ble i alt gjennomf\u00f8rt 46 arrangementer fordelt p\u00e5 24 forskjellige arenaer.<br \/><br \/>Vi kan se tilbake p\u00e5 nok et \u00e5r med fantastiske festspill\u00f8yeblikk i form av flotte konserter, kunstutstillinger og andre opplevelser som har begeistret! Tusen takk til alle som har bidratt til \u00e5 gj\u00f8re Festspillene i Elverum mulig ogs\u00e5 i \u00e5r.<br \/><br \/>Takk til <a href=\"https:\/\/www.facebook.com\/ungdomssymfonikerne?__cft__[0]=AZUMiX-JB1BOuTNeyvRX861iTB6OL2IIiucZ8oLWpkqQomQJNQrzU3ktzETdiHyK0VTN1ezHPlsozj7iDnwGj9ZwPRrIxamexo1B-Low7RObWJeGUvFvAP5qL2IIo1byDLCMJp2qeEiL6VOa-Ph4nmTZp87GGs4i05wRoKbdrENi4cFLJW1j2UbSwq7Ae5VNII1xJvDbWCuJDOx7ssNoRJm5&amp;__tn__=-]K-R\">Ungdomssymfonikerne<\/a> med solister og dirigenter for tre flotte orkesterkonserter i <a href=\"https:\/\/www.facebook.com\/Elverumshallen?__cft__[0]=AZUMiX-JB1BOuTNeyvRX861iTB6OL2IIiucZ8oLWpkqQomQJNQrzU3ktzETdiHyK0VTN1ezHPlsozj7iDnwGj9ZwPRrIxamexo1B-Low7RObWJeGUvFvAP5qL2IIo1byDLCMJp2qeEiL6VOa-Ph4nmTZp87GGs4i05wRoKbdrENi4cFLJW1j2UbSwq7Ae5VNII1xJvDbWCuJDOx7ssNoRJm5&amp;__tn__=-]K-R\">Elverumshallen<\/a>, takk til kunstnerisk leder <a href=\"https:\/\/www.facebook.com\/@OleEdvardAntonsenOfficialFanpage\/?__cft__[0]=AZUMiX-JB1BOuTNeyvRX861iTB6OL2IIiucZ8oLWpkqQomQJNQrzU3ktzETdiHyK0VTN1ezHPlsozj7iDnwGj9ZwPRrIxamexo1B-Low7RObWJeGUvFvAP5qL2IIo1byDLCMJp2qeEiL6VOa-Ph4nmTZp87GGs4i05wRoKbdrENi4cFLJW1j2UbSwq7Ae5VNII1xJvDbWCuJDOx7ssNoRJm5&amp;__tn__=-]K-R\">Ole Edvard Antonsen<\/a> og \u00e5rets kammerartister for fantastiske konserter, takk til gallerier og utstillere for flotte festspillutstillinger og alle \u00f8vrige medvirkende.<br \/><br \/>Vi vil ogs\u00e5 f\u00e5 rette en takk til <a href=\"https:\/\/www.facebook.com\/kare.nordseth?__cft__[0]=AZUMiX-JB1BOuTNeyvRX861iTB6OL2IIiucZ8oLWpkqQomQJNQrzU3ktzETdiHyK0VTN1ezHPlsozj7iDnwGj9ZwPRrIxamexo1B-Low7RObWJeGUvFvAP5qL2IIo1byDLCMJp2qeEiL6VOa-Ph4nmTZp87GGs4i05wRoKbdrENi4cFLJW1j2UbSwq7Ae5VNII1xJvDbWCuJDOx7ssNoRJm5&amp;__tn__=-]K-R\">K\u00e5re Nordseth<\/a> og hans team som rigger alle v\u00e5re arenaer, takk til <a href=\"https:\/\/www.facebook.com\/elverum.kulturhus?__cft__[0]=AZUMiX-JB1BOuTNeyvRX861iTB6OL2IIiucZ8oLWpkqQomQJNQrzU3ktzETdiHyK0VTN1ezHPlsozj7iDnwGj9ZwPRrIxamexo1B-Low7RObWJeGUvFvAP5qL2IIo1byDLCMJp2qeEiL6VOa-Ph4nmTZp87GGs4i05wRoKbdrENi4cFLJW1j2UbSwq7Ae5VNII1xJvDbWCuJDOx7ssNoRJm5&amp;__tn__=-]K-R\">Elverum Kulturhus<\/a> og <a href=\"https:\/\/www.facebook.com\/ElverumBibliotek?__cft__[0]=AZUMiX-JB1BOuTNeyvRX861iTB6OL2IIiucZ8oLWpkqQomQJNQrzU3ktzETdiHyK0VTN1ezHPlsozj7iDnwGj9ZwPRrIxamexo1B-Low7RObWJeGUvFvAP5qL2IIo1byDLCMJp2qeEiL6VOa-Ph4nmTZp87GGs4i05wRoKbdrENi4cFLJW1j2UbSwq7Ae5VNII1xJvDbWCuJDOx7ssNoRJm5&amp;__tn__=-]K-R\">Elverum bibliotek<\/a> for informasjon, billettsalg, deling i sosiale medier, tilrettelegging og mye mer, takk til alle i Elverumshallen som stiller opp sent og tidlig, takk til <a href=\"https:\/\/www.facebook.com\/groups\/381026245278016\/?__cft__[0]=AZUMiX-JB1BOuTNeyvRX861iTB6OL2IIiucZ8oLWpkqQomQJNQrzU3ktzETdiHyK0VTN1ezHPlsozj7iDnwGj9ZwPRrIxamexo1B-Low7RObWJeGUvFvAP5qL2IIo1byDLCMJp2qeEiL6VOa-Ph4nmTZp87GGs4i05wRoKbdrENi4cFLJW1j2UbSwq7Ae5VNII1xJvDbWCuJDOx7ssNoRJm5&amp;__tn__=-UK-R\">FESTSPILLENES VENNER<\/a> som stiller opp som konsertverter p\u00e5 v\u00e5re konsertsteder, takk til <a href=\"https:\/\/www.facebook.com\/elverumfotballelite?__cft__[0]=AZUMiX-JB1BOuTNeyvRX861iTB6OL2IIiucZ8oLWpkqQomQJNQrzU3ktzETdiHyK0VTN1ezHPlsozj7iDnwGj9ZwPRrIxamexo1B-Low7RObWJeGUvFvAP5qL2IIo1byDLCMJp2qeEiL6VOa-Ph4nmTZp87GGs4i05wRoKbdrENi4cFLJW1j2UbSwq7Ae5VNII1xJvDbWCuJDOx7ssNoRJm5&amp;__tn__=-]K-R\">Elverum Fotball<\/a> og takk til alle arenaer som stiller festsaler, kirker og andre arenaer klare for festspillenes arrangementer!<br \/><br \/>Til slutt en stor takk til v\u00e5re samarbeidspartnere som trofast st\u00f8tter festspillene \u00e5r etter \u00e5r &#8211; uten dere ingen festspill.<br \/><br \/><\/p>\n\n<ul class=\"wp-block-list\">\n<li><a href=\"https:\/\/www.googleadservices.com\/pagead\/aclk?sa=L&amp;ai=DChcSEwjHmvu5s5-JAxU3C6IDHTCyGLIYABAAGgJsZQ&amp;ae=2&amp;co=1&amp;gclid=Cj0KCQjw99e4BhDiARIsAISE7P_m9yJIHVB7iktWVzHbtlBSTw12o1Nb5rejNpf6FR8isK_YW7-FWpMaAkfoEALw_wcB&amp;ohost=www.google.com&amp;cid=CAESVuD24Neplatq5JlRpst6z_d76v_jfuikNmVczZPNDm_Fg_DtQN7DoLBw5DLjKib3MaCGsBXs5GnXUOrwk2BEiXlv1wkRW6BmQunL3G665bw_knw23A4e&amp;sig=AOD64_2tPSfcp6NAvanCr-925IJkbnmlOg&amp;q&amp;adurl&amp;ved=2ahUKEwib9vW5s5-JAxUvHhAIHYYdLJwQ0Qx6BAgJEAE&amp;nis=8&amp;dct=1&amp;suid=25444046402\">SpareBank 1 \u00d8stlandet<\/a> (generalsponsor)<\/li>\n<\/ul>\n\n<ul class=\"wp-block-list\">\n<li><a href=\"https:\/\/sparebankstiftelsenhedmark.no\">Sparebankstiftelsen Hedmark<\/a><\/li>\n<\/ul>\n\n<ul class=\"wp-block-list\">\n<li><a href=\"https:\/\/elverumenergi.no\">Elverum Energi<\/a><\/li>\n<\/ul>\n\n<ul class=\"wp-block-list\">\n<li><a href=\"https:\/\/www.ostlendingen.no\">\u00d8stlendingen<\/a><\/li>\n<\/ul>\n\n<ul class=\"wp-block-list\">\n<li><a href=\"https:\/\/www.kilde.no\">Kilde<\/a><\/li>\n<\/ul>\n\n<ul class=\"wp-block-list\">\n<li><a href=\"https:\/\/www.thonhotels.no\/hoteller\/norge\/elverum\/hotel-central\/\">Hotel Central<\/a><\/li>\n<\/ul>\n\n<ul class=\"wp-block-list\">\n<li><a href=\"https:\/\/elverumvekst.no\">Elverum Vekst<\/a><\/li>\n<\/ul>\n\n<ul class=\"wp-block-list\">\n<li><a href=\"https:\/\/radioene.no\/elverumsradioen\">ElverumsRadioen<\/a><\/li>\n<\/ul>\n\n<ul class=\"wp-block-list\">\n<li><a href=\"https:\/\/www.elverum.kommune.no\">Elverum kommune<\/a><\/li>\n<\/ul>\n\n<ul class=\"wp-block-list\">\n<li><a href=\"https:\/\/innlandetfylke.no\">Innlandet fylkeskommune<\/a><\/li>\n<\/ul>\n\n<ul class=\"wp-block-list\">\n<li><a href=\"https:\/\/www.kulturdirektoratet.no\">Kulturdirektoratet<\/a><\/li>\n<\/ul>\n\n<p><br \/>Og ikke minst TUSEN TAKK til v\u00e5rt fantastiske publikum!<br \/><br \/>Det er derfor med stor takknemlighet vi kan se tilbake p\u00e5 et flott jubileums\u00e5r, og det har v\u00e6rt en \u00e6re \u00e5 feire de runde 50 sammen med dere. Vi ses i 2025!<br \/><br \/><em>Foto: Anders Lillebo \/\/ Festspillene i Elverum<\/em><\/p>\n","protected":false},"excerpt":{"rendered":"<p>Feiringen av Festspillenes 50-\u00e5rsjubileum er offisielt over.Det ble i alt gjennomf\u00f8rt 46 arrangementer fordelt p\u00e5 24 forskjellige arenaer. Vi kan se tilbake p\u00e5 nok et \u00e5r med fantastiske festspill\u00f8yeblikk i form av flotte konserter, kunstutstillinger og andre opplevelser som har begeistret! Tusen takk til alle som har bidratt til \u00e5 gj\u00f8re Festspillene i Elverum mulig [&hellip;]<\/p>\n","protected":false},"author":4,"featured_media":6448,"comment_status":"closed","ping_status":"closed","sticky":false,"template":"","format":"standard","meta":{"inline_featured_image":false,"_jet_sm_ready_style":"","_jet_sm_style":"","_jet_sm_controls_values":"","_jet_sm_fonts_collection":"","_jet_sm_fonts_links":"","footnotes":""},"categories":[295,295],"tags":[],"class_list":["post-6665","post","type-post","status-publish","format-standard","has-post-thumbnail","hentry","category-uncategorized"],"_links":{"self":[{"href":"https:\/\/fie.no\/en\/wp-json\/wp\/v2\/posts\/6665","targetHints":{"allow":["GET"]}}],"collection":[{"href":"https:\/\/fie.no\/en\/wp-json\/wp\/v2\/posts"}],"about":[{"href":"https:\/\/fie.no\/en\/wp-json\/wp\/v2\/types\/post"}],"author":[{"embeddable":true,"href":"https:\/\/fie.no\/en\/wp-json\/wp\/v2\/users\/4"}],"replies":[{"embeddable":true,"href":"https:\/\/fie.no\/en\/wp-json\/wp\/v2\/comments?post=6665"}],"version-history":[{"count":0,"href":"https:\/\/fie.no\/en\/wp-json\/wp\/v2\/posts\/6665\/revisions"}],"wp:featuredmedia":[{"embeddable":true,"href":"https:\/\/fie.no\/en\/wp-json\/wp\/v2\/media\/6448"}],"wp:attachment":[{"href":"https:\/\/fie.no\/en\/wp-json\/wp\/v2\/media?parent=6665"}],"wp:term":[{"taxonomy":"category","embeddable":true,"href":"https:\/\/fie.no\/en\/wp-json\/wp\/v2\/categories?post=6665"},{"taxonomy":"post_tag","embeddable":true,"href":"https:\/\/fie.no\/en\/wp-json\/wp\/v2\/tags?post=6665"}],"curies":[{"name":"wp","href":"https:\/\/api.w.org\/{rel}","templated":true}]}}