{"id":8292,"date":"2025-07-24T13:00:43","date_gmt":"2025-07-24T11:00:43","guid":{"rendered":"https:\/\/fie.no\/?p=8292"},"modified":"2026-01-14T10:16:47","modified_gmt":"2026-01-14T09:16:47","slug":"forsvarssjef-eirik-kristoffersen-apner-arets-festspill-i-elverum","status":"publish","type":"post","link":"https:\/\/fie.no\/en\/forsvarssjef-eirik-kristoffersen-apner-arets-festspill-i-elverum\/","title":{"rendered":"Forsvarssjef Eirik Kristoffersen \u00e5pner Festspillene i Elverum 2025"},"content":{"rendered":"\n<p>Fredag 1. august, kl. 18:00 i Elverumshallen, \u00e5pnes \u00e5rets festspill i Elverum.<br><br>I totalberedskapsmeldingen som regjeringen la frem i januar, sies det at kunst og kultur er en del av v\u00e5rt forsvar gjennom \u00e5 styrke v\u00e5r opplevelse av fellesskap og identitet. Samtidig sl\u00e5s det fast at kunst og kultur ikke er \u00abmyke verdier\u00bb \u2013 tvert imot en essensiell del av samfunnets beredskap. Under krise og krig er det viktig \u00e5 opprettholde kulturinfrastruktur, arenaer og m\u00f8teplasser, fordi kultur bidrar til h\u00e5ndtering av mental helse, kampmoral og utholdenhet p\u00e5 nasjonsniv\u00e5.<br><br>Med det som bakgrunn er det en stor glede \u00e5 kunne \u00f8nske forsvarssjef Eirik Kristoffersen velkommen til \u00e5rets festival.<br><br><br><strong>Kveldens program er som f\u00f8lger:<\/strong><\/p>\n\n\n\n<ul class=\"wp-block-list\">\n<li>Hilsningstaler av Elverums ordf\u00f8rer Lillian Skj\u00e6rvik og styreleder i Festspillene i Elverum, Janne Langaas.&nbsp;<\/li>\n\n\n\n<li>Offisiell \u00e5pning av forsvarssjef Eirik Kristoffersen.<\/li>\n\n\n\n<li>Ungdomssymfonikerne framf\u00f8rer \u00abOverture til Elverum\u00bb av Johannes Rusten og \u00abElverumssangen\u00bb sammen med Elverum Mannskor.<\/li>\n<\/ul>\n\n\n\n<p><strong><br>\u00c5pningskonsert<br><\/strong>Ungdomssymfonikerne<br>Jessica Cottis, dirigent<br>Christian Ihle Hadland, solist<br><br><strong>Program<\/strong><br>Dmitrij Sjostakovitsj (1906-1975): Suite for variet\u00e9orkester<br>George Gershwin (1898-1937): Rhapsody in Blue<br>Sergej Rakhmaninov (1873-1943): Symfoniske danser op. 45<br><br><br><em>Billetter og mer informasjon om \u00e5rets \u00e5pningskonsert finner du <a href=\"https:\/\/fie.no\/?post_type=program&#038;p=6461\">her. <\/a><\/em><\/p>\n","protected":false},"excerpt":{"rendered":"<p>Fredag 1. august, kl. 18:00 i Elverumshallen, \u00e5pnes \u00e5rets festspill i Elverum. I totalberedskapsmeldingen som regjeringen la frem i januar, sies det at kunst og kultur er en del av v\u00e5rt forsvar gjennom \u00e5 styrke v\u00e5r opplevelse av fellesskap og identitet. Samtidig sl\u00e5s det fast at kunst og kultur ikke er \u00abmyke verdier\u00bb \u2013 tvert [&hellip;]<\/p>\n","protected":false},"author":4,"featured_media":8293,"comment_status":"closed","ping_status":"closed","sticky":false,"template":"","format":"standard","meta":{"inline_featured_image":false,"_jet_sm_ready_style":"","_jet_sm_style":"","_jet_sm_controls_values":"","_jet_sm_fonts_collection":"","_jet_sm_fonts_links":"","footnotes":""},"categories":[279],"tags":[],"class_list":["post-8292","post","type-post","status-publish","format-standard","has-post-thumbnail","hentry","category-uncategorized-no"],"_links":{"self":[{"href":"https:\/\/fie.no\/en\/wp-json\/wp\/v2\/posts\/8292","targetHints":{"allow":["GET"]}}],"collection":[{"href":"https:\/\/fie.no\/en\/wp-json\/wp\/v2\/posts"}],"about":[{"href":"https:\/\/fie.no\/en\/wp-json\/wp\/v2\/types\/post"}],"author":[{"embeddable":true,"href":"https:\/\/fie.no\/en\/wp-json\/wp\/v2\/users\/4"}],"replies":[{"embeddable":true,"href":"https:\/\/fie.no\/en\/wp-json\/wp\/v2\/comments?post=8292"}],"version-history":[{"count":0,"href":"https:\/\/fie.no\/en\/wp-json\/wp\/v2\/posts\/8292\/revisions"}],"wp:featuredmedia":[{"embeddable":true,"href":"https:\/\/fie.no\/en\/wp-json\/wp\/v2\/media\/8293"}],"wp:attachment":[{"href":"https:\/\/fie.no\/en\/wp-json\/wp\/v2\/media?parent=8292"}],"wp:term":[{"taxonomy":"category","embeddable":true,"href":"https:\/\/fie.no\/en\/wp-json\/wp\/v2\/categories?post=8292"},{"taxonomy":"post_tag","embeddable":true,"href":"https:\/\/fie.no\/en\/wp-json\/wp\/v2\/tags?post=8292"}],"curies":[{"name":"wp","href":"https:\/\/api.w.org\/{rel}","templated":true}]}}